[{"@context":"https:\/\/schema.org\/","@type":"Article","@id":"https:\/\/www.crossart.cz\/pracovat-se-da-i-pri-evidenci-na-uradu-prace\/#Article","mainEntityOfPage":"https:\/\/www.crossart.cz\/pracovat-se-da-i-pri-evidenci-na-uradu-prace\/","headline":"Pracovat se d\u00e1 i p\u0159i evidenci na \u00fa\u0159adu pr\u00e1ce","name":"Pracovat se d\u00e1 i p\u0159i evidenci na \u00fa\u0159adu pr\u00e1ce","description":"Ocitnout se bez zam\u011bstn\u00e1n\u00ed nen\u00ed pro pracuj\u00edc\u00edho \u010dlov\u011bka jist\u011b nic p\u0159\u00edjemn\u00e9ho. D\u016fvody mohou b\u00fdt r\u016fzn\u00e9 a ne v\u017edy za n\u011b doty\u010dn\u00fd m\u016f\u017ee s\u00e1m. Po dobu evidence na \u00da\u0159adu pr\u00e1ce si&hellip;","datePublished":"2025-03-02","dateModified":"2023-04-29","author":{"@type":"Person","@id":"https:\/\/www.crossart.cz\/author\/devene\/#Person","name":"crossart.cz","url":"https:\/\/www.crossart.cz\/author\/devene\/","identifier":1,"image":{"@type":"ImageObject","@id":"https:\/\/secure.gravatar.com\/avatar\/93f351f97d5e20a41105810347d62b8b573eebe9313df1f71432877ed17f5f1a?s=96&d=mm&r=g","url":"https:\/\/secure.gravatar.com\/avatar\/93f351f97d5e20a41105810347d62b8b573eebe9313df1f71432877ed17f5f1a?s=96&d=mm&r=g","height":96,"width":96}},"publisher":{"@type":"Organization","name":"crossart.cz","logo":{"@type":"ImageObject","@id":"\/logo.png","url":"\/logo.png","width":600,"height":60}},"image":{"@type":"ImageObject","@id":"https:\/\/www.crossart.cz\/wp-content\/uploads\/img_a310495_w2320_t1521450009.jpg","url":"https:\/\/www.crossart.cz\/wp-content\/uploads\/img_a310495_w2320_t1521450009.jpg","height":0,"width":0},"url":"https:\/\/www.crossart.cz\/pracovat-se-da-i-pri-evidenci-na-uradu-prace\/","about":["Pen\u00edze"],"wordCount":466,"articleBody":"Ocitnout se bez zam\u011bstn\u00e1n\u00ed nen\u00ed pro pracuj\u00edc\u00edho \u010dlov\u011bka jist\u011b nic p\u0159\u00edjemn\u00e9ho. D\u016fvody mohou b\u00fdt r\u016fzn\u00e9 a ne v\u017edy za n\u011b doty\u010dn\u00fd m\u016f\u017ee s\u00e1m. Po dobu evidence na \u00da\u0159adu pr\u00e1ce si v\u011bt\u0161ina t\u011bchto osob intenzivn\u011b sh\u00e1n\u00ed nov\u00e9 st\u00e1l\u00e9 zam\u011bstn\u00e1n\u00ed. N\u011bkdy se v\u0161ak neda\u0159\u00ed a naskytne se t\u0159eba jen men\u0161\u00ed p\u0159iv\u00fdd\u011blek. Jak se to d\u00e1 \u0159e\u0161it, mus\u00ed b\u00fdt evidence na \u00fa\u0159adu pr\u00e1ce ukon\u010dena, nebo se zde d\u00e1 nad\u00e1le setrvat? Poj\u010fme si o tomto t\u00e9matu \u0159\u00edct n\u011bco bli\u017e\u0161\u00edho\u2026Osoba v\u00a0evidenci \u00fa\u0159adu pr\u00e1ce\u010clov\u011bk, kter\u00fd je bez zam\u011bstn\u00e1n\u00ed se m\u016f\u017ee, ale tak\u00e9 nemus\u00ed, evidovat na \u00da\u0159adu pr\u00e1ce. St\u00e1v\u00e1 se z\u00a0n\u011bj t\u00edmto \u00fakonem osoba, kter\u00e1 je v\u00a0jeho evidenci. Vznikaj\u00ed mu tak ur\u010dit\u00e1 pr\u00e1va, ale i povinnosti. Tou z\u00e1sadn\u00ed je povinnost ohla\u0161ovac\u00ed, ka\u017ed\u00e1 zm\u011bna mus\u00ed b\u00fdt proto \u00fa\u0159adu pr\u00e1ce neprodlen\u011b hl\u00e1\u0161ena.B\u011bhem prvn\u00edch n\u011bkolika m\u011bs\u00edc\u016f vznik\u00e1 nezam\u011bstnan\u00e9mu n\u00e1rok na podporu v\u00a0nezam\u011bstnanosti, ov\u0161em pouze tehdy, pokud d\u0159\u00edve odpracoval alespo\u0148 dvan\u00e1ct m\u011bs\u00edc\u016f. P\u0159i pob\u00edr\u00e1n\u00ed podpory nen\u00ed proto mo\u017en\u00e9, aby si \u010dlov\u011bk leg\u00e1ln\u011b p\u0159ivyd\u011bl\u00e1val. Je jasn\u00e9, \u017ee spousta lid\u00ed pracuje takzvan\u011b na\u010derno, v\u00edme v\u0161ak, \u017ee tento zp\u016fsob nen\u00ed z\u00a0\u017e\u00e1dn\u00e9ho hlediska v\u00fdhodn\u00fd.Jak se d\u00e1 p\u0159i evidenci na \u00daP pracovat?D\u0159\u00edve si nezam\u011bstnan\u00ed mohli p\u0159ivyd\u011bl\u00e1vat na dohodu o proveden\u00ed pr\u00e1ce a sou\u010dasn\u011b z\u016fstat ve v\u00a0evidenci \u00da\u0159adu pr\u00e1ce. To u\u017e od lo\u0148sk\u00e9ho \u010dervence nen\u00ed mo\u017en\u00e9. Osoby, kter\u00e9 na dohodu st\u00e1le pracuj\u00ed, byly vy\u0159azeny. Aby mohly z\u016fstat d\u00e1le vedeny jako nezam\u011bstnan\u00e9, musely tuto \u010dinnost ukon\u010dit.P\u0159ivyd\u011blat si lze t\u00edm p\u00e1dem pouze formou pracovn\u00edho pom\u011bru, t\u0159eba na \u010d\u00e1ste\u010dn\u00fd \u00favazek nebo na dohodu o pracovn\u00ed \u010dinnosti, ze kter\u00e9 jsou v\u0161ak, krom\u011b dan\u011b, sr\u00e1\u017eeny tak\u00e9 odvody na poji\u0161t\u011bn\u00ed. Oproti p\u016fvodn\u00ed dohod\u011b o proveden\u00ed pr\u00e1ce tedy zna\u010dn\u011b nev\u00fdhodn\u011bj\u0161\u00ed varianta.Kolik si lze vyd\u011blat?\u010clov\u011bk, kter\u00fd p\u0159i evidenci v\u00a0\u00fa\u0159adu pr\u00e1ce pracuje formou jednoho ze zmi\u0148ovan\u00fdch zp\u016fsob\u016f, m\u016f\u017ee si p\u0159ivyd\u011blat maxim\u00e1ln\u00ed m\u011bs\u00ed\u010dn\u00ed \u010d\u00e1stku ve v\u00fd\u0161i 4\u00a0766 K\u010d.Motivac\u00ed by tedy pro nezam\u011bstnan\u00e9 m\u011blo b\u00fdt naj\u00edt si co nejd\u0159\u00edve novou pr\u00e1ci. Je to ur\u010dit\u011b v\u00fdhodn\u011bj\u0161\u00ed a z\u00a0dlouhodob\u00e9ho hlediska efektivn\u011bj\u0161\u00ed \u0159e\u0161en\u00ed.                                                                                                                                                                                                                                                                                                                                                                                        4.2\/5 - (11 votes)        "},{"@context":"https:\/\/schema.org\/","@type":"BreadcrumbList","itemListElement":[{"@type":"ListItem","position":1,"name":"Pracovat se d\u00e1 i p\u0159i evidenci na \u00fa\u0159adu pr\u00e1ce","item":"https:\/\/www.crossart.cz\/pracovat-se-da-i-pri-evidenci-na-uradu-prace\/#breadcrumbitem"}]}]